{"id":1,"name":"test@intrasite.fr","url":"https:\/\/www.lheurebleueprovence.fr","description":"","link":"https:\/\/www.lheurebleueprovence.fr\/de\/author\/testintrasite-fr\/","slug":"testintrasite-fr","avatar_urls":{"24":"https:\/\/secure.gravatar.com\/avatar\/da6afde842deeeaf34aa0ee01a2f65350fa67a64309c213039c61265c367f867?s=24&d=mm&r=g","48":"https:\/\/secure.gravatar.com\/avatar\/da6afde842deeeaf34aa0ee01a2f65350fa67a64309c213039c61265c367f867?s=48&d=mm&r=g","96":"https:\/\/secure.gravatar.com\/avatar\/da6afde842deeeaf34aa0ee01a2f65350fa67a64309c213039c61265c367f867?s=96&d=mm&r=g"},"meta":[],"yoast_head":"<!-- This site is optimized with the Yoast SEO plugin v25.4 - https:\/\/yoast.com\/wordpress\/plugins\/seo\/ -->\n<title>test@intrasite.fr, auteur\/autrice sur L&#039;Heure Bleue en Provence<\/title>\n<meta name=\"robots\" content=\"index, follow, max-snippet:-1, max-image-preview:large, max-video-preview:-1\" \/>\n<link rel=\"canonical\" href=\"https:\/\/www.lheurebleueprovence.fr\/de\/author\/testintrasite-fr\/\" \/>\n<meta property=\"og:locale\" content=\"de_DE\" \/>\n<meta property=\"og:type\" content=\"profile\" \/>\n<meta property=\"og:title\" content=\"test@intrasite.fr, auteur\/autrice sur L&#039;Heure Bleue en Provence\" \/>\n<meta property=\"og:url\" content=\"https:\/\/www.lheurebleueprovence.fr\/author\/testintrasite-fr\/\" \/>\n<meta property=\"og:site_name\" content=\"L&#039;Heure Bleue en Provence\" \/>\n<meta property=\"og:image\" content=\"https:\/\/secure.gravatar.com\/avatar\/da6afde842deeeaf34aa0ee01a2f65350fa67a64309c213039c61265c367f867?s=500&d=mm&r=g\" \/>\n<meta name=\"twitter:card\" content=\"summary_large_image\" \/>\n<script type=\"application\/ld+json\" class=\"yoast-schema-graph\">{\"@context\":\"https:\/\/schema.org\",\"@graph\":[{\"@type\":\"ProfilePage\",\"@id\":\"https:\/\/www.lheurebleueprovence.fr\/author\/testintrasite-fr\/\",\"url\":\"https:\/\/www.lheurebleueprovence.fr\/author\/testintrasite-fr\/\",\"name\":\"test@intrasite.fr, auteur\/autrice sur L&#039;Heure Bleue en Provence\",\"isPartOf\":{\"@id\":\"https:\/\/www.lheurebleueprovence.fr\/de\/#website\"},\"breadcrumb\":{\"@id\":\"https:\/\/www.lheurebleueprovence.fr\/author\/testintrasite-fr\/#breadcrumb\"},\"inLanguage\":\"de\",\"potentialAction\":[{\"@type\":\"ReadAction\",\"target\":[\"https:\/\/www.lheurebleueprovence.fr\/author\/testintrasite-fr\/\"]}]},{\"@type\":\"BreadcrumbList\",\"@id\":\"https:\/\/www.lheurebleueprovence.fr\/author\/testintrasite-fr\/#breadcrumb\",\"itemListElement\":[{\"@type\":\"ListItem\",\"position\":1,\"name\":\"Accueil\",\"item\":\"https:\/\/www.lheurebleueprovence.fr\/de\/willkommen\/\"},{\"@type\":\"ListItem\",\"position\":2,\"name\":\"Archives pour test@intrasite.fr\"}]},{\"@type\":\"WebSite\",\"@id\":\"https:\/\/www.lheurebleueprovence.fr\/de\/#website\",\"url\":\"https:\/\/www.lheurebleueprovence.fr\/de\/\",\"name\":\"L'Heure Bleue en Provence\",\"description\":\"Salon de Th\u00e9 &amp; Restaurant &amp; Chambres d&#039;H\u00f4tes \u00e0 Villeneuve les Avignon en Provence\",\"publisher\":{\"@id\":\"https:\/\/www.lheurebleueprovence.fr\/de\/#organization\"},\"potentialAction\":[{\"@type\":\"SearchAction\",\"target\":{\"@type\":\"EntryPoint\",\"urlTemplate\":\"https:\/\/www.lheurebleueprovence.fr\/de\/?s={search_term_string}\"},\"query-input\":{\"@type\":\"PropertyValueSpecification\",\"valueRequired\":true,\"valueName\":\"search_term_string\"}}],\"inLanguage\":\"de\"},{\"@type\":\"Organization\",\"@id\":\"https:\/\/www.lheurebleueprovence.fr\/de\/#organization\",\"name\":\"L'Heure Bleue en Provence\",\"url\":\"https:\/\/www.lheurebleueprovence.fr\/de\/\",\"logo\":{\"@type\":\"ImageObject\",\"inLanguage\":\"de\",\"@id\":\"https:\/\/www.lheurebleueprovence.fr\/de\/#\/schema\/logo\/image\/\",\"url\":\"https:\/\/www.lheurebleueprovence.fr\/wp-content\/uploads\/2025\/07\/Capture-decran-2025-07-01-145020.png\",\"contentUrl\":\"https:\/\/www.lheurebleueprovence.fr\/wp-content\/uploads\/2025\/07\/Capture-decran-2025-07-01-145020.png\",\"width\":118,\"height\":142,\"caption\":\"L'Heure Bleue en Provence\"},\"image\":{\"@id\":\"https:\/\/www.lheurebleueprovence.fr\/de\/#\/schema\/logo\/image\/\"},\"sameAs\":[\"https:\/\/www.facebook.com\/profile.php?id=61557930712226\",\"https:\/\/www.instagram.com\/lheurebleue_la_regence\/?hl=fr\"]},{\"@type\":\"Person\",\"@id\":\"https:\/\/www.lheurebleueprovence.fr\/de\/#\/schema\/person\/4e3af430621a1b1e0266a88f63fdc49b\",\"name\":\"test@intrasite.fr\",\"image\":{\"@type\":\"ImageObject\",\"inLanguage\":\"de\",\"@id\":\"https:\/\/www.lheurebleueprovence.fr\/de\/#\/schema\/person\/image\/\",\"url\":\"https:\/\/secure.gravatar.com\/avatar\/da6afde842deeeaf34aa0ee01a2f65350fa67a64309c213039c61265c367f867?s=96&d=mm&r=g\",\"contentUrl\":\"https:\/\/secure.gravatar.com\/avatar\/da6afde842deeeaf34aa0ee01a2f65350fa67a64309c213039c61265c367f867?s=96&d=mm&r=g\",\"caption\":\"test@intrasite.fr\"},\"sameAs\":[\"https:\/\/www.lheurebleueprovence.fr\"],\"mainEntityOfPage\":{\"@id\":\"https:\/\/www.lheurebleueprovence.fr\/author\/testintrasite-fr\/\"}}]}<\/script>\n<!-- \/ Yoast SEO plugin. -->","yoast_head_json":{"title":"test@intrasite.fr, auteur\/autrice sur L&#039;Heure Bleue en Provence","robots":{"index":"index","follow":"follow","max-snippet":"max-snippet:-1","max-image-preview":"max-image-preview:large","max-video-preview":"max-video-preview:-1"},"canonical":"https:\/\/www.lheurebleueprovence.fr\/de\/author\/testintrasite-fr\/","og_locale":"de_DE","og_type":"profile","og_title":"test@intrasite.fr, auteur\/autrice sur L&#039;Heure Bleue en Provence","og_url":"https:\/\/www.lheurebleueprovence.fr\/author\/testintrasite-fr\/","og_site_name":"L&#039;Heure Bleue en Provence","og_image":[{"url":"https:\/\/secure.gravatar.com\/avatar\/da6afde842deeeaf34aa0ee01a2f65350fa67a64309c213039c61265c367f867?s=500&d=mm&r=g","type":"","width":"","height":""}],"twitter_card":"summary_large_image","schema":{"@context":"https:\/\/schema.org","@graph":[{"@type":"ProfilePage","@id":"https:\/\/www.lheurebleueprovence.fr\/author\/testintrasite-fr\/","url":"https:\/\/www.lheurebleueprovence.fr\/author\/testintrasite-fr\/","name":"test@intrasite.fr, auteur\/autrice sur L&#039;Heure Bleue en Provence","isPartOf":{"@id":"https:\/\/www.lheurebleueprovence.fr\/de\/#website"},"breadcrumb":{"@id":"https:\/\/www.lheurebleueprovence.fr\/author\/testintrasite-fr\/#breadcrumb"},"inLanguage":"de","potentialAction":[{"@type":"ReadAction","target":["https:\/\/www.lheurebleueprovence.fr\/author\/testintrasite-fr\/"]}]},{"@type":"BreadcrumbList","@id":"https:\/\/www.lheurebleueprovence.fr\/author\/testintrasite-fr\/#breadcrumb","itemListElement":[{"@type":"ListItem","position":1,"name":"Accueil","item":"https:\/\/www.lheurebleueprovence.fr\/de\/willkommen\/"},{"@type":"ListItem","position":2,"name":"Archives pour test@intrasite.fr"}]},{"@type":"WebSite","@id":"https:\/\/www.lheurebleueprovence.fr\/de\/#website","url":"https:\/\/www.lheurebleueprovence.fr\/de\/","name":"L'Heure Bleue en Provence","description":"Salon de Th\u00e9 &amp; Restaurant &amp; Chambres d&#039;H\u00f4tes \u00e0 Villeneuve les Avignon en Provence","publisher":{"@id":"https:\/\/www.lheurebleueprovence.fr\/de\/#organization"},"potentialAction":[{"@type":"SearchAction","target":{"@type":"EntryPoint","urlTemplate":"https:\/\/www.lheurebleueprovence.fr\/de\/?s={search_term_string}"},"query-input":{"@type":"PropertyValueSpecification","valueRequired":true,"valueName":"search_term_string"}}],"inLanguage":"de"},{"@type":"Organization","@id":"https:\/\/www.lheurebleueprovence.fr\/de\/#organization","name":"L'Heure Bleue en Provence","url":"https:\/\/www.lheurebleueprovence.fr\/de\/","logo":{"@type":"ImageObject","inLanguage":"de","@id":"https:\/\/www.lheurebleueprovence.fr\/de\/#\/schema\/logo\/image\/","url":"https:\/\/www.lheurebleueprovence.fr\/wp-content\/uploads\/2025\/07\/Capture-decran-2025-07-01-145020.png","contentUrl":"https:\/\/www.lheurebleueprovence.fr\/wp-content\/uploads\/2025\/07\/Capture-decran-2025-07-01-145020.png","width":118,"height":142,"caption":"L'Heure Bleue en Provence"},"image":{"@id":"https:\/\/www.lheurebleueprovence.fr\/de\/#\/schema\/logo\/image\/"},"sameAs":["https:\/\/www.facebook.com\/profile.php?id=61557930712226","https:\/\/www.instagram.com\/lheurebleue_la_regence\/?hl=fr"]},{"@type":"Person","@id":"https:\/\/www.lheurebleueprovence.fr\/de\/#\/schema\/person\/4e3af430621a1b1e0266a88f63fdc49b","name":"test@intrasite.fr","image":{"@type":"ImageObject","inLanguage":"de","@id":"https:\/\/www.lheurebleueprovence.fr\/de\/#\/schema\/person\/image\/","url":"https:\/\/secure.gravatar.com\/avatar\/da6afde842deeeaf34aa0ee01a2f65350fa67a64309c213039c61265c367f867?s=96&d=mm&r=g","contentUrl":"https:\/\/secure.gravatar.com\/avatar\/da6afde842deeeaf34aa0ee01a2f65350fa67a64309c213039c61265c367f867?s=96&d=mm&r=g","caption":"test@intrasite.fr"},"sameAs":["https:\/\/www.lheurebleueprovence.fr"],"mainEntityOfPage":{"@id":"https:\/\/www.lheurebleueprovence.fr\/author\/testintrasite-fr\/"}}]}},"_links":{"self":[{"href":"https:\/\/www.lheurebleueprovence.fr\/de\/wp-json\/wp\/v2\/users\/1","targetHints":{"allow":["GET"]}}],"collection":[{"href":"https:\/\/www.lheurebleueprovence.fr\/de\/wp-json\/wp\/v2\/users"}]}}